{"id":359679,"date":"2017-10-07T09:20:12","date_gmt":"2017-10-07T09:20:12","guid":{"rendered":"http:\/\/citifmonline.com\/?p=359679"},"modified":"2017-10-07T09:20:12","modified_gmt":"2017-10-07T09:20:12","slug":"catalonia-referendum-call-for-pro-unity-rallies-in-spain","status":"publish","type":"post","link":"https:\/\/citifmonline.com\/?p=359679","title":{"rendered":"Catalonia referendum: Call for pro-unity rallies in Spain"},"content":{"rendered":"<p>Rallies are expected in Spain against Catalonian independence, after Sunday&#8217;s disputed referendum.<\/p>\n<p>Demonstrations are planned in the capital Madrid and other cities, with supporters calling for a similar rally in Catalonia&#8217;s capital Barcelona.<\/p>\n<p>Meanwhile, Spain&#8217;s government representative in Catalonia earlier apologised to those hurt during police efforts to stop the referendum.<br \/>\nBut Enric Millo blamed the Catalan government for holding an illegal vote.<\/p>\n<p>In the first apology by a Spanish government official over the violence during the referendum, Mr Millo said he could not help but &#8220;regret it and apologise on behalf of the officers that intervened&#8221;.<\/p>\n<p>Hundreds of people were injured as police, trying to enforce a Spanish court ban on the vote, attempted to seize ballot boxes and disperse voters.<\/p>\n<p>Thirty-three police officers were also hurt.<\/p>\n<p>Catalan President Carles Puigdemont now plans to address the Catalan parliament on Tuesday at 18:00 local time (16:00 GMT), the speaker of the parliament in the autonomous north-eastern region says.<\/p>\n<p>Spain&#8217;s Constitutional Court had earlier suspended the Catalan parliament session that had been planned for Monday.<\/p>\n<p>There is speculation that the parliament will declare independence unilaterally at its next sitting, based on the referendum.<\/p>\n<p>The final results from the poll show 90% of the 2.3m people who voted backed independence. Turnout was 43%.<\/p>\n<p>There have been several claims of irregularities, and many ballot boxes were seized by the Spanish police.<\/p>\n<p>After a cabinet meeting, the Spanish government spokesman also expressed regret that people had &#8220;suffered consequences&#8221; during Sunday&#8217;s vote &#8211; though he cast doubt on the numbers who had been injured.<\/p>\n<p>\u00cd\u00f1igo M\u00e9ndez de Vigo suggested that new elections in Catalonia might be a way to heal the fracture caused by the disputed referendum.<\/p>\n<p>Meanwhile, the former leader of Catalonia, Artur Mas, told the Financial Times that the region was not yet ready for real independence &#8211; even though he believed it had won the right to break away.<\/p>\n<p><strong>Stepping back from the brink?<\/strong><br \/>\nThe competing authorities in Barcelona and Madrid could each take a potentially dramatic step. Barcelona has the option of making a unilateral declaration of independence. For its part, Madrid has the power to dissolve self-rule in Catalonia. Each step &#8211; if taken &#8211; would provoke a constitutional crisis in Spain.<\/p>\n<p>There are some signs that each side may choose to pause. Mr Puigdemont says he will deliver a report to the Catalan parliament on Tuesday about the political situation &#8211; a deliberately vague form of words which gives him room for manoeuvre.<br \/>\n&#8211;<\/p>\n<p>Source: BBC<\/p>\n","protected":false},"excerpt":{"rendered":"<p>Rallies are expected in Spain against Catalonian independence, after Sunday&#8217;s disputed referendum. Demonstrations are planned in the capital Madrid and other cities, with supporters calling for a similar rally in Catalonia&#8217;s capital Barcelona. Meanwhile, Spain&#8217;s government representative in Catalonia earlier apologised to those hurt during police efforts to stop the referendum. But Enric Millo blamed [&hellip;]<\/p>\n","protected":false},"author":7,"featured_media":0,"comment_status":"open","ping_status":"closed","sticky":false,"template":"","format":"standard","meta":{"jnews-multi-image_gallery":[],"jnews_single_post":[],"jnews_primary_category":[],"jnews_social_meta":[],"jnews_override_counter":[],"footnotes":""},"categories":[107,11],"tags":[398,110,111],"class_list":["post-359679","post","type-post","status-publish","format-standard","hentry","category-international","category-top-stories","tag-catalonia","tag-catalonia-referendum","tag-spain"],"_links":{"self":[{"href":"https:\/\/citifmonline.com\/index.php?rest_route=\/wp\/v2\/posts\/359679","targetHints":{"allow":["GET"]}}],"collection":[{"href":"https:\/\/citifmonline.com\/index.php?rest_route=\/wp\/v2\/posts"}],"about":[{"href":"https:\/\/citifmonline.com\/index.php?rest_route=\/wp\/v2\/types\/post"}],"author":[{"embeddable":true,"href":"https:\/\/citifmonline.com\/index.php?rest_route=\/wp\/v2\/users\/7"}],"replies":[{"embeddable":true,"href":"https:\/\/citifmonline.com\/index.php?rest_route=%2Fwp%2Fv2%2Fcomments&post=359679"}],"version-history":[{"count":0,"href":"https:\/\/citifmonline.com\/index.php?rest_route=\/wp\/v2\/posts\/359679\/revisions"}],"wp:attachment":[{"href":"https:\/\/citifmonline.com\/index.php?rest_route=%2Fwp%2Fv2%2Fmedia&parent=359679"}],"wp:term":[{"taxonomy":"category","embeddable":true,"href":"https:\/\/citifmonline.com\/index.php?rest_route=%2Fwp%2Fv2%2Fcategories&post=359679"},{"taxonomy":"post_tag","embeddable":true,"href":"https:\/\/citifmonline.com\/index.php?rest_route=%2Fwp%2Fv2%2Ftags&post=359679"}],"curies":[{"name":"wp","href":"https:\/\/api.w.org\/{rel}","templated":true}]}}